{"id":16204,"date":"2026-09-03T10:16:36","date_gmt":"2026-09-03T07:16:36","guid":{"rendered":"https:\/\/www.knygos.lt\/blogas\/?p=16204"},"modified":"2026-09-03T10:18:44","modified_gmt":"2026-09-03T07:18:44","slug":"prezidento-valdo-adamkaus-simtmeciui-dvi-ypatingos-knygos","status":"publish","type":"post","link":"https:\/\/www.knygos.lt\/blogas\/prezidento-valdo-adamkaus-simtmeciui-dvi-ypatingos-knygos\/","title":{"rendered":"Prezidento Valdo Adamkaus \u0161imtme\u010diui \u2013 dvi ypatingos knygos"},"content":{"rendered":"\n<p><\/p>\n\n\n\n<p>Lapkri\u010dio 3-i\u0105j\u0105 Prezidentui Valdui Adamkui sukaks 100 met\u0173. \u0160ia ypatinga proga leidykla \u201eTyto alba\u201c pristato dvi knygas \u2013 fotobiografij\u0105 <strong>\u201e\u0160imtas Prezidento Valdo Adamkaus met\u0173\u201c<\/strong> ir Arno Ali\u0161ausko pokalbius su Alma Adamkiene <strong>\u201eGyvenimas po meil\u0117s \u017eenklu\u201c<\/strong>.<\/p>\n\n\n\n<p>Fotobiografija <strong>\u201e\u0160imtas Prezidento Valdo Adamkaus met\u0173\u201c <\/strong>\u2013 kelion\u0117 per i\u0161skirtin\u012f, dramati\u0161k\u0173 istorijos \u012fvyki\u0173 pa\u017eenklint\u0105 Valdo Adamkaus gyvenim\u0105 ir kartu per Lietuvos \u0161imtmet\u012f. Retos ir i\u0161kalbingos fotografijos pasakoja apie Prezidento vaikyst\u0119 nepriklausomoje Lietuvoje, karo ir emigracijos i\u0161bandymus, gyvenim\u0105 Jungtin\u0117se Amerikos Valstijose, kur s\u0117kming\u0105 profesin\u0119 karjer\u0105 lyd\u0117jo nuoseklus darbas d\u0117l Lietuvos laisv\u0117s. Ir, svarbiausia \u2013 apie sugr\u012f\u017eim\u0105 \u012f Lietuv\u0105 ir dvi Prezidento kadencijas, tapusias reik\u0161minga m\u016bs\u0173 atkurtos valstyb\u0117s istorijos dalimi.<\/p>\n\n\n\n<p>Knyga <strong>\u201eGyvenimas po meil\u0117s \u017eenklu\u201c<\/strong> skirta pirmajai \u0161alies poniai Almai Adamkienei. I\u0161skirtiniuose pokalbiuose su Arnu Ali\u0161ausku pirmoji ponia prisimena vaikyst\u0119 Tel\u0161iuose, karo metus, sud\u0117ting\u0105 \u0161eimos pasitraukim\u0105 \u012f Vokietij\u0105, gyvenim\u0105 JAV ir ten kurtus namus. Jos pasakojime atskleid\u017eia ne tik Nutaut\u0173 ir Adamk\u0173, bet ir tarpukariu klest\u0117jusios, ta\u010diau karo sutryptos Lietuvos istorija. Daug d\u0117mesio skiriama lemtingam sprendimui sugr\u012f\u017eti \u012f Lietuv\u0105 ir de\u0161imtme\u010diui, praleistam einant pirmosios ponios pareigas \u2013 ne formaliai, bet aktyviai \u012fsitraukiant \u012f atkuriamos valstyb\u0117s gyvenim\u0105. Almos Adamkien\u0117s \u012fkurtas fondas pakeit\u0117 daugyb\u0119 kaimo mokykl\u0173 ir j\u0173 mokini\u0173 gyvenim\u0173.<\/p>\n\n\n\n<p>Kvie\u010diame susipa\u017einti su knygomis ir paskaityti kelet\u0105 i\u0161trauk\u0173.<\/p>\n\n\n\n<p><strong>Olimpin\u0117s \u017eaidyn\u0117s ir susitikimas su prezidentu Kennedy<\/strong><\/p>\n\n\n\n<p><em><strong>Knygos \u201e\u0160imtas Prezidento Valdo Adamkaus met\u0173\u201c i\u0161trauka<\/strong><\/em><\/p>\n\n\n\n<p>*<\/p>\n\n\n\n<p>Gyvenimas mane nublo\u0161k\u0117 \u012f sport\u0105, ir labiausiai nublo\u0161k\u0117 tada, kai atsid\u016briau u\u017e Lietuvos rib\u0173.<\/p>\n\n\n\n<p>1948 met\u0173 Europos pavergt\u0173j\u0173 taut\u0173 \u017eaidyn\u0117s buvo ne vien lietuvi\u0173 mintis. \u017daisdavome ir kalb\u0117davom\u0117s ne tik apie sport\u0105 su savo \u0161alis priverstinai palikusiais likimo broliais ukrainie\u010diais, lenkais, latviais, estais. O kaip tik art\u0117jo Londono olimpin\u0117s \u017eaidyn\u0117s. Naiviai tik\u0117jome, kad mes, kaip Lietuvos, paskutin\u0117s prie\u0161kario Europos krep\u0161inio \u010dempionato komandos nugal\u0117tojos, atstovai, tikrai turime teis\u0119 dalyvauti olimpiadoje. Ir tai nebuvo tik gra\u017eios viltys, nes\u0117d\u0117jome sud\u0117j\u0119 rank\u0173 \u2013 lietuvi\u0173 delegacija su savo pasi\u016blymu pasiek\u0117 Tarptautinio olimpinio komiteto b\u016bstin\u0119 Lozanoje. Bet buvo atsakyta, kad olimpiadoje atstovaujama valstyb\u0117ms, o ne tautoms. Nepavyko.<\/p>\n\n\n\n<p>Ai\u0161ku, buvo didel\u0117 nuoskauda d\u0117l neteisyb\u0117s, kad u\u017e olimpiados dur\u0173 liko tokia paj\u0117gi komanda, kuri, tik\u0117tina, b\u016bt\u0173 laim\u0117jusi medalius. Taip jaut\u0117m\u0117s ne mes vieni ir i\u0161 \u012fvairi\u0173 taut\u0173 atstov\u0173 buvo sudarytas Europos pavergt\u0173j\u0173 taut\u0173 olimpiados komitetas, kuris ir suorganizavo \u017eaidynes. Gavome leidim\u0105 rengti \u017eaidynes Niurnberge, mil\u017eini\u0161kame stadione, talpinan\u010diame gal 40 t\u016bkstan\u010di\u0173 \u017ei\u016brov\u0173.<\/p>\n\n\n\n<p>Ir 1948 metais, beveik tuo pa\u010diu metu, kai vyko Londono olimpiada, Niurnberge vyko Europos pavergt\u0173j\u0173 taut\u0173 \u017eaidyn\u0117s \u2013 su valstybi\u0173 v\u0117liavomis, himnais, i\u0161laikant auk\u0161\u010diausio lygio atidarymo ir u\u017edarymo ceremonijas.<\/p>\n\n\n\n<p>\u017daidyn\u0117se dalyvavau ne kaip organizatorius, o kaip sportininkas. Mano sritis buvo ne komandinis \u017eaidimas, o lengvoji atletika. Pelniau Lietuvai du aukso ir du sidabro medalius.<\/p>\n\n\n\n<p>*<\/p>\n\n\n\n<p>M\u0117gindavome Lietuvos okupacij\u0105 JAV vald\u017eiai priminti \u012fvairiomis progomis. Ypa\u010d atminty man \u012fsir\u0117\u017e\u0117 1963 metais Vasario 16-osios proga \u012fvyk\u0119s pri\u0117mimas pas prezident\u0105 John\u0105 Kennedy, kuris po pusme\u010dio buvo nu\u0161autas. A\u0161 tuo metu buvau Amerikos lietuvi\u0173 bendruomen\u0117s tarybos narys ir Lietuvi\u0173 bendruomen\u0117s centro valdybos narys, tod\u0117l buvau \u012ftrauktas \u012f delegacij\u0105, kuri \u012fteik\u0117 J. Kennedy memorandum\u0105 d\u0117l Lietuvos pad\u0117ties.<\/p>\n\n\n\n<p>A\u0161 buvau jauniausias delegacijos narys. Vyresni u\u017e mane i\u0161eivijos organizacij\u0173 vadovai labai steng\u0117si atsistoti kuo ar\u010diau prezidento. Atsid\u016briau visiems u\u017e nugar\u0173. Apsi\u017evalg\u0119s po kabinet\u0105, pama\u010diau supam\u0105j\u0105 k\u0117d\u0119, kuri, matyt, J. Kennedy buvo reikalinga d\u0117l j\u012f persekiojusi\u0173 nugaros skausm\u0173. \u012esitaisiau joje ir s\u016bpuodamasis ramiai klausiausi, kas kalbama. Staiga gird\u017eiu, kaip m\u016bs\u0173 delegacijos vadovas Leonardas \u0160imutis sako: \u201ePone prezidente, norime jums pristatyti jauniausi\u0105 m\u016bs\u0173 delegacijos nar\u012f Vald\u0105 Adamk\u0173, kuris lietuvi\u0173 jaunimo vardu taip pat tars kelet\u0105 \u017eod\u017ei\u0173.\u201c<\/p>\n\n\n\n<p>Visa delegacija prasiskiria, atsigr\u0119\u017eia \u012f mane, o a\u0161 tuo metu lyg kokios spyruokl\u0117s i\u0161sviestas pa\u0161oku i\u0161 k\u0117d\u0117s, kuri i\u0161 inercijos vis dar supasi. Visas i\u0161raud\u0119s i\u0161 g\u0117dos noriu tiesiog skrad\u017eiai \u017eem\u0119 prasmegti, bet, \u017ei\u016briu, prezidentas smagiai \u0161ypsosi. Pasakiau kelis \u017eod\u017eius, bet i\u0161 susijaudinimo turb\u016bt dar sustipr\u0117jo mano lietuvi\u0161kas akcentas, nes atsisveikindamas J. Kennedy ir pasak\u0117 tuos padr\u0105sinan\u010dius \u017eod\u017eius, pad\u0117jusius man \u012fveikti drov\u0117jim\u0105si kalbant angli\u0161kai: \u201eJaunuoli, man patinka tavo akcentas.\u201c<\/p>\n\n\n\n<p><strong>Pirmasis Almos ir Valdo Adamk\u0173 susitikimas<\/strong><\/p>\n\n\n\n<p><em>Knygos \u201eGyvenimas po meil\u0117s \u017eenklu\u201c i\u0161trauka<\/em><\/p>\n\n\n\n<p>1944-aisiais, antr\u0105 kart\u0105 gr\u012f\u017etant soviet\u0173 kariuomenei, Nutautai m\u0117gino b\u0117gti laiveliu \u012f \u0160vedij\u0105. Jau buvo matyti Gotlando \u017eiburiai, kai lietuvius ap\u0161aud\u0117 vokie\u010diai. B\u0117gliai buvo paimti \u012f laiv\u0105 ir pristatyti \u012f Rygos kal\u0117jim\u0105, o i\u0161 ten i\u0161ve\u017eti darbams \u012f Vokietij\u0105. Vyrai nuo moter\u0173 buvo atskirti \u2013 d\u0117l to t\u0117vas atsid\u016br\u0117 Vokietijoje atskirai nuo \u017emonos ir dukter\u0173. Pasibaigus karui, Nutautai gyveno Miul\u016bze, v\u0117liau \u2013 Rozenheime. Vokietijoje \u0117m\u0117 kurtis lietuvi\u0161kos gimnazijos. Viena i\u0161 j\u0173 \u012fsik\u016br\u0117 Eich\u0161tete, ten ir mok\u0117si Alma Nutautait\u0117.<\/p>\n\n\n\n<p><em>Kaip ir kur su\u017einojot, kad esate paaukoti ir negr\u012f\u0161it?<\/em><\/p>\n\n\n\n<p>Gimnazijoje. Kai su\u017einojom, kad yra organizuojama lietuvi\u0161ka gimnazija, atsimenu, jau su t\u0117vu, va\u017eiavom traukiniu, ve\u017ean\u010diu anglis. Tarp vagon\u0173 buvo tokios ma\u017eos platformos, kur pa\u010dius vagonus sujungia, tai mes ten su t\u0117vu s\u0117d\u0117dami atva\u017eiavom \u012f Eich\u0161tet\u0105. T\u0117vas gr\u012f\u017eo atgal, na o a\u0161 likau naujoj stovykloj \u2013 \u010dia jau nema\u017eai \u017emoni\u0173 buvo susirink\u0119, jaunimas prad\u0117jo va\u017eiuoti. Ir vien\u0105 dien\u0105 skelbim\u0173 lentoje matom kvietim\u0105, kad gimnazistai rinkt\u0173si \u012f nurodyt\u0105 sal\u0119. Susirinkom, suolai sustatyti \u2013 paai\u0161k\u0117jo, kad patalpos, kuriose mes glaud\u0117m\u0117s, priklauso vietos gimnazijai. Ateina b\u016bsimas gimnazijos inspektorius ir visiems i\u0161dalina lapus su klausimais, \u012f kuriuos reikia atsakyti, paai\u0161kina, k\u0105 mes turim daryti, kaip u\u017epildyti, liepia pasira\u0161yti ir gr\u0105\u017einti jam. Ir lyg tarp kitko sako: yra klausimas \u201eKaip j\u016bs atsid\u016br\u0117te Vokietijoje?\u201c. Atsakydami jokiu b\u016bdu nera\u0161ykite, kad b\u0117got nuo komunist\u0173, ra\u0161ykite, kad buvote \u010dia atve\u017eti darbams. Man buvo \u0161okas. Karas pasibaig\u0117, amerikie\u010diai jau \u010dia, laukiam, kada gal\u0117sim gr\u012f\u017eti \u012f Lietuv\u0105, ir negalim pasakyti tiesos, kod\u0117l mes i\u0161 tikr\u0173j\u0173 i\u0161b\u0117gom? Tai rei\u0161kia, kad \u012f Lietuv\u0105 mes gr\u012f\u017eti negalime? Dar gin\u010dijausi, sakiau, a\u0161 taip nera\u0161ysiu, ra\u0161ysiu ties\u0105, kad b\u0117gom \u012f \u0160vedij\u0105&#8230; Tai inspektorius man padav\u0117 nauj\u0105 lap\u0105 ir sako: daryk taip, kaip pasakiau, patik\u0117k, mums visiems bus geriau. Taip visi ir u\u017epild\u0117m tuos blankus. Nepaklausiau Valdo, kaip jis para\u0161\u0117, bet, manau, irgi taip pat \u2013 kad buvom atve\u017eti darbams. Tada gi tokie draugai buvo amerikie\u010diai su rusais&#8230; Tik labai greitai ta draugyst\u0117 baig\u0117si. Jau i\u0161va\u017eiuodami i\u0161 Vokietijos \u017einojom, kad jie nebe draugai.<\/p>\n\n\n\n<p><em>Gimnazija nuotaikas smarkiai pakeit\u0117?<\/em><\/p>\n\n\n\n<p>\u017dinoma. Susirinkom jauni visi, karas tik pasibaig\u0117 ir, net ne\u017einau, kaip, i\u0161 karto visi susi\u017einojo, kur kas \u012fsik\u016br\u0119s, kur yra lietuvi\u0173. Ir kartu su kitomis \u017einiomis ateina ir tokia, kad kuriasi gimnazija, ir dar nelabai toli nuo m\u016bs\u0173. Kai tik tai paskelb\u0117, susid\u0117jau \u012f pint\u0105 krep\u0161\u012f, nes lagamino netur\u0117jom, ka\u017ekiek r\u016bb\u0173 ir su t\u0117vu nu\u0117jom \u012f stot\u012f. Jokie keleiviniai traukiniai neva\u017ein\u0117jo, tik prekiniai. Tokiu ir i\u0161va\u017eiavome, \u012fsitais\u0119 ant laiptuk\u0173. Buvom patenkinti, kad leido va\u017eiuoti. Eich\u0161tete susiradom gimnazij\u0105, bendrabut\u012f, buvo ir daugiau atva\u017eiavusi\u0173. Kit\u0105 dien\u0105 atva\u017eiavo Valdas su savo draugais au\u0161rokais, didel\u0117 j\u0173 grup\u0117 buvo. Taip ir prasid\u0117jo&#8230; Paskiau i\u0161 ten mus, kaip min\u0117jau, perk\u0117l\u0117 \u012f Rebdorf\u0105, nes ta gimnazija buvo reikalinga vokie\u010diams: jie patys tur\u0117jo nema\u017eai vaik\u0173, kuriems irgi reik\u0117jo lankyti mokykl\u0105.<\/p>\n\n\n\n<p><em>O kokia buvo pa\u017eintis su nauju mokslo draugu Voldemaru Adamkavi\u010dium?<\/em><\/p>\n\n\n\n<p>Kadangi a\u0161 nieko nepa\u017einojau, buvau pati sau viena. Mane apgyvendino bendrabuty, kur stov\u0117jo dviauk\u0161t\u0117s lovos, antrame auk\u0161te, o pirmame gyveno \u0161eima su mergaite, kuri buvo nebyliuk\u0117. Labai miela mergyt\u0117. Ir ka\u017ekaip i\u0161 karto tarp m\u016bs\u0173 atsirado ry\u0161ys: eidavome kartu pasivaik\u0161\u010dioti, \u017eaisti. Ir kart\u0105 a\u0161 leid\u017eiuosi \u017eemyn laiptais paimti tos mergait\u0117s \u2013 jos t\u0117vai ruo\u0161\u0117si ka\u017ekur eiti \u2013 ir pamatau Vald\u0105, b\u0117gant\u012f \u012f vir\u0161\u0173. Susitikom, jis palyp\u0117jo, stabtel\u0117jo ir nu\u0117jo toliau. O a\u0161 pagalvojau: kokie nesimpati\u0161ki tie kaunie\u010diai. Nenor\u0117jau su jais net kalb\u0117ti \u2013 a\u0161 atva\u017eiavau pas savus, man visi lietuviai, ypa\u010d jauni, atrod\u0117 kaip gimin\u0117s, nor\u0117josi prie vis\u0173 prieiti ir apkabinti, nor\u0117josi bendrauti, o jie&#8230; Tiesa, ten buvo pora mergai\u010di\u0173, tarp j\u0173 \u2013 ir Marija Rim\u0161ait\u0117, Mara, Jono Rim\u0161os sesuo, v\u0117liau tapusi mano gera drauge. Bet prad\u017eioje jie nedraugi\u0161ki buvo. Eidavo \u0161okti \u012f sal\u0119, sal\u0117s langai matydavosi nuo laipt\u0173, tai a\u0161 \u017ei\u016br\u0117davau ir galvodavau: na ir \u0161okit, au\u0161rokai, man ne pakeliui, nenoriu tur\u0117t nieko bendro&#8230;<\/p>\n\n\n\n<p><em>O kada santykis at\u0161ilo?<\/em><\/p>\n\n\n\n<p>Turb\u016bt kai persik\u0117l\u0117m \u012f Rebdorf\u0105. Iki tol Valdas buvo labai u\u017esi\u0117m\u0119s, nuolat su savo draugais ir draug\u0117m. Nors tada, kai atva\u017eiavo daugiau mergai\u010di\u0173, ir a\u0161 jau tur\u0117jau draug\u0119, kuri irgi viena buvo&#8230; Vien\u0105 dien\u0105 skelbim\u0173 lentoj matom skelbim\u0105: kuriamas gamtos myl\u0117toj\u0173 b\u016brelis. Pagalvojom, kad mes irgi gamt\u0105 mylim, ir nutar\u0117m nueiti. Nueinam \u2013 vyksta susirinkimas tokiam sand\u0117liuke be lang\u0173, tik durys ir elektros lemput\u0117, vietos ma\u017eai, visi ka\u017ekaip susigr\u016bdom. O Valdas susirinkim\u0105 organizavo. Pradeda jis ka\u017ek\u0105 ai\u0161kinti, ir staiga \u2013 \u0161ik\u0161nosparniai&#8230; Matyt, jie ten buvo apsigyven\u0119, o \u0161viesa ir triuk\u0161mas juos pabaid\u0117. Kad puol\u0117 tie \u0161ik\u0161nosparniai skristi lauk pro duris, mano draug\u0117 Marija Rim\u0161ait\u0117 grieb\u0117si u\u017e galvos \u2013 ir klykdama irgi pro duris. Tada ir mes visi \u2013 pro duris, tai taip ir baig\u0117si b\u016brelis: gamtos myl\u0117tojus \u0161ik\u0161nosparniai i\u0161baid\u0117.<\/p>\n\n\n\n<p>I\u0161 prad\u017ei\u0173 nei knyg\u0173 netur\u0117jom, nei s\u0105siuvini\u0173, nieko. V\u0117liau amerikie\u010diai pristat\u0117 s\u0105siuvini\u0173, pie\u0161tuk\u0173. Maistas buvo baisus. A\u0161 labai nem\u0117gau svog\u016bn\u0173. Kai gyvenom Lietuvoje, jei svog\u016bn\u0173 b\u016bdavo kur nors maiste ar pada\u017ee, a\u0161 juos i\u0161rinkdavau ir ant l\u0117k\u0161t\u0117s kra\u0161to i\u0161rikiuodavau, kas labai nepatikdavo mamai, ir ji mane vydavo nuo stalo. Labai l\u0117tai valgiau, ne visk\u0105 valgiau, \u017eod\u017eiu, mama su manimi tur\u0117jo vargo d\u0117l maisto. O Rebdorfe maistas buvo labai prastas, duona pusiau \u017ealia&#8230; Kai mergait\u0117s eidavo pasivaik\u0161\u010dioti \u012f mi\u0161kel\u012f, pasiimdavo itali\u0161ko \u0161okolado, gauto i\u0161 UNRRA [Jungtini\u0173 Taut\u0173 pagalbos ir atk\u016brimo administracija \u2013 aut.], arba kakavos mai\u0161el\u012f ir su vietiniais \u016bkininkais i\u0161keisdavo \u012f svog\u016bnus. Tada susipjausto&#8230; Virtuv\u0117s nebuvo, bet vidury kambario buvo pe\u010dius, kuris \u0161ildo kambar\u012f, didelis, k\u016brenamas malkom arba anglim&#8230; Mergait\u0117s j\u012f u\u017ekurdavo, i\u0161 ka\u017ekur susiorganizavo keptuv\u0119, ir kepdavo tuos svog\u016bnus. Kai mums duodavo vakarien\u0119, jos pataupydavo margarino ir ant jo kepdavo&#8230; Kvepia visas kambarys, jos valgo svog\u016bnus ir man si\u016blo, o a\u0161 \u2013 n\u0117 i\u0161 tolo. Bet kart\u0105 galvoju: jei taip skaniai kvepia, tai gal tikrai gal\u0117t\u0173 b\u016bti skanu. Paragavau, ir iki \u0161iol svog\u016bnus m\u0117gstu, ypa\u010d pakepintus.<\/p>\n","protected":false},"excerpt":{"rendered":"<p>Lapkri\u010dio 3-i\u0105j\u0105 Prezidentui Valdui Adamkui sukaks 100 met\u0173. \u0160ia ypatinga proga leidykla \u201eTyto alba\u201c pristato dvi knygas \u2013 fotobiografij\u0105 \u201e\u0160imtas Prezidento Valdo Adamkaus met\u0173\u201c ir Arno Ali\u0161ausko pokalbius su Alma Adamkiene \u201eGyvenimas po meil\u0117s \u017eenklu\u201c. Fotobiografija \u201e\u0160imtas Prezidento Valdo Adamkaus met\u0173\u201c \u2013 kelion\u0117 per i\u0161skirtin\u012f, dramati\u0161k\u0173 istorijos \u012fvyki\u0173 pa\u017eenklint\u0105 Valdo Adamkaus gyvenim\u0105 ir kartu per&hellip;<\/p>\n","protected":false},"author":31,"featured_media":16205,"comment_status":"open","ping_status":"closed","sticky":false,"template":"","format":"standard","meta":{"footnotes":""},"categories":[134,2],"tags":[476],"class_list":["post-16204","post","type-post","status-publish","format-standard","has-post-thumbnail","hentry","category-asmenybes","category-naujienos","tag-tyto-alba"],"yoast_head":"<!-- This site is optimized with the Yoast SEO plugin v27.3 - https:\/\/yoast.com\/product\/yoast-seo-wordpress\/ -->\n<title>Prezidento Valdo Adamkaus \u0161imtme\u010diui \u2013 dvi ypatingos knygos - Knygos.lt blogas<\/title>\n<meta name=\"description\" content=\"Prezidento Valdo Adamkaus \u0161imtme\u010diui \u2013 dvi ypatingos knygos. Skaityk lap\u0117s m\u0117lynak\u0117s u\u017era\u0161us ir su\u017einokite kar\u0161\u010diausias naujienas i\u0161 knyg\u0173 pasaulio.\" \/>\n<meta name=\"robots\" content=\"index, follow, max-snippet:-1, max-image-preview:large, max-video-preview:-1\" \/>\n<link rel=\"canonical\" href=\"https:\/\/www.knygos.lt\/blogas\/prezidento-valdo-adamkaus-simtmeciui-dvi-ypatingos-knygos\/\" \/>\n<meta property=\"og:locale\" content=\"lt_LT\" \/>\n<meta property=\"og:type\" content=\"article\" \/>\n<meta property=\"og:title\" content=\"Prezidento Valdo Adamkaus \u0161imtme\u010diui \u2013 dvi ypatingos knygos - Knygos.lt blogas\" \/>\n<meta property=\"og:description\" content=\"Prezidento Valdo Adamkaus \u0161imtme\u010diui \u2013 dvi ypatingos knygos. Skaityk lap\u0117s m\u0117lynak\u0117s u\u017era\u0161us ir su\u017einokite kar\u0161\u010diausias naujienas i\u0161 knyg\u0173 pasaulio.\" \/>\n<meta property=\"og:url\" content=\"https:\/\/www.knygos.lt\/blogas\/prezidento-valdo-adamkaus-simtmeciui-dvi-ypatingos-knygos\/\" \/>\n<meta property=\"og:site_name\" content=\"Knygos.lt blogas\" \/>\n<meta property=\"article:publisher\" content=\"https:\/\/www.facebook.com\/knygos.lt\/\" \/>\n<meta property=\"article:published_time\" content=\"2026-09-03T07:16:36+00:00\" \/>\n<meta property=\"article:modified_time\" content=\"2026-09-03T07:18:44+00:00\" \/>\n<meta property=\"og:image\" content=\"https:\/\/knygos-blogas.imgix.net\/blogas\/wp-content\/uploads\/Adamkus1.png?auto=format%2Ccompress\" \/>\n\t<meta property=\"og:image:width\" content=\"869\" \/>\n\t<meta property=\"og:image:height\" content=\"435\" \/>\n\t<meta property=\"og:image:type\" content=\"image\/png\" \/>\n<meta name=\"author\" content=\"Dovil\u0117 B.\" \/>\n<meta name=\"twitter:card\" content=\"summary_large_image\" \/>\n<meta name=\"twitter:creator\" content=\"@knygoslt\" \/>\n<meta name=\"twitter:site\" content=\"@knygoslt\" \/>\n<meta name=\"twitter:label1\" content=\"Written by\" \/>\n\t<meta name=\"twitter:data1\" content=\"Dovil\u0117 B.\" \/>\n\t<meta name=\"twitter:label2\" content=\"Est. reading time\" \/>\n\t<meta name=\"twitter:data2\" content=\"9 minut\u0117s\" \/>\n<script type=\"application\/ld+json\" class=\"yoast-schema-graph\">{\"@context\":\"https:\\\/\\\/schema.org\",\"@graph\":[{\"@type\":\"Article\",\"@id\":\"https:\\\/\\\/www.knygos.lt\\\/blogas\\\/prezidento-valdo-adamkaus-simtmeciui-dvi-ypatingos-knygos\\\/#article\",\"isPartOf\":{\"@id\":\"https:\\\/\\\/www.knygos.lt\\\/blogas\\\/prezidento-valdo-adamkaus-simtmeciui-dvi-ypatingos-knygos\\\/\"},\"author\":{\"name\":\"Dovil\u0117 B.\",\"@id\":\"https:\\\/\\\/www.knygos.lt\\\/blogas\\\/#\\\/schema\\\/person\\\/650d32ed257cfb1202b7e392c9b51887\"},\"headline\":\"Prezidento Valdo Adamkaus \u0161imtme\u010diui \u2013 dvi ypatingos knygos\",\"datePublished\":\"2026-09-03T07:16:36+00:00\",\"dateModified\":\"2026-09-03T07:18:44+00:00\",\"mainEntityOfPage\":{\"@id\":\"https:\\\/\\\/www.knygos.lt\\\/blogas\\\/prezidento-valdo-adamkaus-simtmeciui-dvi-ypatingos-knygos\\\/\"},\"wordCount\":1863,\"commentCount\":0,\"image\":{\"@id\":\"https:\\\/\\\/www.knygos.lt\\\/blogas\\\/prezidento-valdo-adamkaus-simtmeciui-dvi-ypatingos-knygos\\\/#primaryimage\"},\"thumbnailUrl\":\"https:\\\/\\\/knygos-blogas.imgix.net\\\/blogas\\\/wp-content\\\/uploads\\\/Adamkus1.png?auto=format%2Ccompress\",\"keywords\":[\"Tyto alba\"],\"articleSection\":[\"Asmenyb\u0117s\",\"Bendros naujienos\"],\"inLanguage\":\"lt-LT\",\"potentialAction\":[{\"@type\":\"CommentAction\",\"name\":\"Comment\",\"target\":[\"https:\\\/\\\/www.knygos.lt\\\/blogas\\\/prezidento-valdo-adamkaus-simtmeciui-dvi-ypatingos-knygos\\\/#respond\"]}]},{\"@type\":\"WebPage\",\"@id\":\"https:\\\/\\\/www.knygos.lt\\\/blogas\\\/prezidento-valdo-adamkaus-simtmeciui-dvi-ypatingos-knygos\\\/\",\"url\":\"https:\\\/\\\/www.knygos.lt\\\/blogas\\\/prezidento-valdo-adamkaus-simtmeciui-dvi-ypatingos-knygos\\\/\",\"name\":\"Prezidento Valdo Adamkaus \u0161imtme\u010diui \u2013 dvi ypatingos knygos - Knygos.lt blogas\",\"isPartOf\":{\"@id\":\"https:\\\/\\\/www.knygos.lt\\\/blogas\\\/#website\"},\"primaryImageOfPage\":{\"@id\":\"https:\\\/\\\/www.knygos.lt\\\/blogas\\\/prezidento-valdo-adamkaus-simtmeciui-dvi-ypatingos-knygos\\\/#primaryimage\"},\"image\":{\"@id\":\"https:\\\/\\\/www.knygos.lt\\\/blogas\\\/prezidento-valdo-adamkaus-simtmeciui-dvi-ypatingos-knygos\\\/#primaryimage\"},\"thumbnailUrl\":\"https:\\\/\\\/knygos-blogas.imgix.net\\\/blogas\\\/wp-content\\\/uploads\\\/Adamkus1.png?auto=format%2Ccompress\",\"datePublished\":\"2026-09-03T07:16:36+00:00\",\"dateModified\":\"2026-09-03T07:18:44+00:00\",\"author\":{\"@id\":\"https:\\\/\\\/www.knygos.lt\\\/blogas\\\/#\\\/schema\\\/person\\\/650d32ed257cfb1202b7e392c9b51887\"},\"description\":\"Prezidento Valdo Adamkaus \u0161imtme\u010diui \u2013 dvi ypatingos knygos. Skaityk lap\u0117s m\u0117lynak\u0117s u\u017era\u0161us ir su\u017einokite kar\u0161\u010diausias naujienas i\u0161 knyg\u0173 pasaulio.\",\"breadcrumb\":{\"@id\":\"https:\\\/\\\/www.knygos.lt\\\/blogas\\\/prezidento-valdo-adamkaus-simtmeciui-dvi-ypatingos-knygos\\\/#breadcrumb\"},\"inLanguage\":\"lt-LT\",\"potentialAction\":[{\"@type\":\"ReadAction\",\"target\":[\"https:\\\/\\\/www.knygos.lt\\\/blogas\\\/prezidento-valdo-adamkaus-simtmeciui-dvi-ypatingos-knygos\\\/\"]}]},{\"@type\":\"ImageObject\",\"inLanguage\":\"lt-LT\",\"@id\":\"https:\\\/\\\/www.knygos.lt\\\/blogas\\\/prezidento-valdo-adamkaus-simtmeciui-dvi-ypatingos-knygos\\\/#primaryimage\",\"url\":\"https:\\\/\\\/knygos-blogas.imgix.net\\\/blogas\\\/wp-content\\\/uploads\\\/Adamkus1.png?auto=format%2Ccompress\",\"contentUrl\":\"https:\\\/\\\/knygos-blogas.imgix.net\\\/blogas\\\/wp-content\\\/uploads\\\/Adamkus1.png?auto=format%2Ccompress\",\"width\":869,\"height\":435},{\"@type\":\"BreadcrumbList\",\"@id\":\"https:\\\/\\\/www.knygos.lt\\\/blogas\\\/prezidento-valdo-adamkaus-simtmeciui-dvi-ypatingos-knygos\\\/#breadcrumb\",\"itemListElement\":[{\"@type\":\"ListItem\",\"position\":1,\"name\":\"Blogas\",\"item\":\"https:\\\/\\\/www.knygos.lt\\\/blogas\\\/\"},{\"@type\":\"ListItem\",\"position\":2,\"name\":\"Prezidento Valdo Adamkaus \u0161imtme\u010diui \u2013 dvi ypatingos knygos\"}]},{\"@type\":\"WebSite\",\"@id\":\"https:\\\/\\\/www.knygos.lt\\\/blogas\\\/#website\",\"url\":\"https:\\\/\\\/www.knygos.lt\\\/blogas\\\/\",\"name\":\"Knygos.lt blogas\",\"description\":\"J\u016bs\u0173 knygynas internete.\",\"potentialAction\":[{\"@type\":\"SearchAction\",\"target\":{\"@type\":\"EntryPoint\",\"urlTemplate\":\"https:\\\/\\\/www.knygos.lt\\\/blogas\\\/?s={search_term_string}\"},\"query-input\":{\"@type\":\"PropertyValueSpecification\",\"valueRequired\":true,\"valueName\":\"search_term_string\"}}],\"inLanguage\":\"lt-LT\"},{\"@type\":\"Person\",\"@id\":\"https:\\\/\\\/www.knygos.lt\\\/blogas\\\/#\\\/schema\\\/person\\\/650d32ed257cfb1202b7e392c9b51887\",\"name\":\"Dovil\u0117 B.\",\"image\":{\"@type\":\"ImageObject\",\"inLanguage\":\"lt-LT\",\"@id\":\"https:\\\/\\\/secure.gravatar.com\\\/avatar\\\/647f208288fb1da9b02601f055be717830c1570910816d124b6d35746a835bbd?s=96&d=mm&r=g\",\"url\":\"https:\\\/\\\/secure.gravatar.com\\\/avatar\\\/647f208288fb1da9b02601f055be717830c1570910816d124b6d35746a835bbd?s=96&d=mm&r=g\",\"contentUrl\":\"https:\\\/\\\/secure.gravatar.com\\\/avatar\\\/647f208288fb1da9b02601f055be717830c1570910816d124b6d35746a835bbd?s=96&d=mm&r=g\",\"caption\":\"Dovil\u0117 B.\"},\"url\":\"https:\\\/\\\/www.knygos.lt\\\/blogas\\\/author\\\/dovile\\\/\"}]}<\/script>\n<!-- \/ Yoast SEO plugin. -->","yoast_head_json":{"title":"Prezidento Valdo Adamkaus \u0161imtme\u010diui \u2013 dvi ypatingos knygos - Knygos.lt blogas","description":"Prezidento Valdo Adamkaus \u0161imtme\u010diui \u2013 dvi ypatingos knygos. Skaityk lap\u0117s m\u0117lynak\u0117s u\u017era\u0161us ir su\u017einokite kar\u0161\u010diausias naujienas i\u0161 knyg\u0173 pasaulio.","robots":{"index":"index","follow":"follow","max-snippet":"max-snippet:-1","max-image-preview":"max-image-preview:large","max-video-preview":"max-video-preview:-1"},"canonical":"https:\/\/www.knygos.lt\/blogas\/prezidento-valdo-adamkaus-simtmeciui-dvi-ypatingos-knygos\/","og_locale":"lt_LT","og_type":"article","og_title":"Prezidento Valdo Adamkaus \u0161imtme\u010diui \u2013 dvi ypatingos knygos - Knygos.lt blogas","og_description":"Prezidento Valdo Adamkaus \u0161imtme\u010diui \u2013 dvi ypatingos knygos. Skaityk lap\u0117s m\u0117lynak\u0117s u\u017era\u0161us ir su\u017einokite kar\u0161\u010diausias naujienas i\u0161 knyg\u0173 pasaulio.","og_url":"https:\/\/www.knygos.lt\/blogas\/prezidento-valdo-adamkaus-simtmeciui-dvi-ypatingos-knygos\/","og_site_name":"Knygos.lt blogas","article_publisher":"https:\/\/www.facebook.com\/knygos.lt\/","article_published_time":"2026-09-03T07:16:36+00:00","article_modified_time":"2026-09-03T07:18:44+00:00","og_image":[{"width":869,"height":435,"url":"https:\/\/knygos-blogas.imgix.net\/blogas\/wp-content\/uploads\/Adamkus1.png?auto=format%2Ccompress","type":"image\/png"}],"author":"Dovil\u0117 B.","twitter_card":"summary_large_image","twitter_creator":"@knygoslt","twitter_site":"@knygoslt","twitter_misc":{"Written by":"Dovil\u0117 B.","Est. reading time":"9 minut\u0117s"},"schema":{"@context":"https:\/\/schema.org","@graph":[{"@type":"Article","@id":"https:\/\/www.knygos.lt\/blogas\/prezidento-valdo-adamkaus-simtmeciui-dvi-ypatingos-knygos\/#article","isPartOf":{"@id":"https:\/\/www.knygos.lt\/blogas\/prezidento-valdo-adamkaus-simtmeciui-dvi-ypatingos-knygos\/"},"author":{"name":"Dovil\u0117 B.","@id":"https:\/\/www.knygos.lt\/blogas\/#\/schema\/person\/650d32ed257cfb1202b7e392c9b51887"},"headline":"Prezidento Valdo Adamkaus \u0161imtme\u010diui \u2013 dvi ypatingos knygos","datePublished":"2026-09-03T07:16:36+00:00","dateModified":"2026-09-03T07:18:44+00:00","mainEntityOfPage":{"@id":"https:\/\/www.knygos.lt\/blogas\/prezidento-valdo-adamkaus-simtmeciui-dvi-ypatingos-knygos\/"},"wordCount":1863,"commentCount":0,"image":{"@id":"https:\/\/www.knygos.lt\/blogas\/prezidento-valdo-adamkaus-simtmeciui-dvi-ypatingos-knygos\/#primaryimage"},"thumbnailUrl":"https:\/\/knygos-blogas.imgix.net\/blogas\/wp-content\/uploads\/Adamkus1.png?auto=format%2Ccompress","keywords":["Tyto alba"],"articleSection":["Asmenyb\u0117s","Bendros naujienos"],"inLanguage":"lt-LT","potentialAction":[{"@type":"CommentAction","name":"Comment","target":["https:\/\/www.knygos.lt\/blogas\/prezidento-valdo-adamkaus-simtmeciui-dvi-ypatingos-knygos\/#respond"]}]},{"@type":"WebPage","@id":"https:\/\/www.knygos.lt\/blogas\/prezidento-valdo-adamkaus-simtmeciui-dvi-ypatingos-knygos\/","url":"https:\/\/www.knygos.lt\/blogas\/prezidento-valdo-adamkaus-simtmeciui-dvi-ypatingos-knygos\/","name":"Prezidento Valdo Adamkaus \u0161imtme\u010diui \u2013 dvi ypatingos knygos - Knygos.lt blogas","isPartOf":{"@id":"https:\/\/www.knygos.lt\/blogas\/#website"},"primaryImageOfPage":{"@id":"https:\/\/www.knygos.lt\/blogas\/prezidento-valdo-adamkaus-simtmeciui-dvi-ypatingos-knygos\/#primaryimage"},"image":{"@id":"https:\/\/www.knygos.lt\/blogas\/prezidento-valdo-adamkaus-simtmeciui-dvi-ypatingos-knygos\/#primaryimage"},"thumbnailUrl":"https:\/\/knygos-blogas.imgix.net\/blogas\/wp-content\/uploads\/Adamkus1.png?auto=format%2Ccompress","datePublished":"2026-09-03T07:16:36+00:00","dateModified":"2026-09-03T07:18:44+00:00","author":{"@id":"https:\/\/www.knygos.lt\/blogas\/#\/schema\/person\/650d32ed257cfb1202b7e392c9b51887"},"description":"Prezidento Valdo Adamkaus \u0161imtme\u010diui \u2013 dvi ypatingos knygos. Skaityk lap\u0117s m\u0117lynak\u0117s u\u017era\u0161us ir su\u017einokite kar\u0161\u010diausias naujienas i\u0161 knyg\u0173 pasaulio.","breadcrumb":{"@id":"https:\/\/www.knygos.lt\/blogas\/prezidento-valdo-adamkaus-simtmeciui-dvi-ypatingos-knygos\/#breadcrumb"},"inLanguage":"lt-LT","potentialAction":[{"@type":"ReadAction","target":["https:\/\/www.knygos.lt\/blogas\/prezidento-valdo-adamkaus-simtmeciui-dvi-ypatingos-knygos\/"]}]},{"@type":"ImageObject","inLanguage":"lt-LT","@id":"https:\/\/www.knygos.lt\/blogas\/prezidento-valdo-adamkaus-simtmeciui-dvi-ypatingos-knygos\/#primaryimage","url":"https:\/\/knygos-blogas.imgix.net\/blogas\/wp-content\/uploads\/Adamkus1.png?auto=format%2Ccompress","contentUrl":"https:\/\/knygos-blogas.imgix.net\/blogas\/wp-content\/uploads\/Adamkus1.png?auto=format%2Ccompress","width":869,"height":435},{"@type":"BreadcrumbList","@id":"https:\/\/www.knygos.lt\/blogas\/prezidento-valdo-adamkaus-simtmeciui-dvi-ypatingos-knygos\/#breadcrumb","itemListElement":[{"@type":"ListItem","position":1,"name":"Blogas","item":"https:\/\/www.knygos.lt\/blogas\/"},{"@type":"ListItem","position":2,"name":"Prezidento Valdo Adamkaus \u0161imtme\u010diui \u2013 dvi ypatingos knygos"}]},{"@type":"WebSite","@id":"https:\/\/www.knygos.lt\/blogas\/#website","url":"https:\/\/www.knygos.lt\/blogas\/","name":"Knygos.lt blogas","description":"J\u016bs\u0173 knygynas internete.","potentialAction":[{"@type":"SearchAction","target":{"@type":"EntryPoint","urlTemplate":"https:\/\/www.knygos.lt\/blogas\/?s={search_term_string}"},"query-input":{"@type":"PropertyValueSpecification","valueRequired":true,"valueName":"search_term_string"}}],"inLanguage":"lt-LT"},{"@type":"Person","@id":"https:\/\/www.knygos.lt\/blogas\/#\/schema\/person\/650d32ed257cfb1202b7e392c9b51887","name":"Dovil\u0117 B.","image":{"@type":"ImageObject","inLanguage":"lt-LT","@id":"https:\/\/secure.gravatar.com\/avatar\/647f208288fb1da9b02601f055be717830c1570910816d124b6d35746a835bbd?s=96&d=mm&r=g","url":"https:\/\/secure.gravatar.com\/avatar\/647f208288fb1da9b02601f055be717830c1570910816d124b6d35746a835bbd?s=96&d=mm&r=g","contentUrl":"https:\/\/secure.gravatar.com\/avatar\/647f208288fb1da9b02601f055be717830c1570910816d124b6d35746a835bbd?s=96&d=mm&r=g","caption":"Dovil\u0117 B."},"url":"https:\/\/www.knygos.lt\/blogas\/author\/dovile\/"}]}},"amp_enabled":true,"_links":{"self":[{"href":"https:\/\/www.knygos.lt\/blogas\/wp-json\/wp\/v2\/posts\/16204","targetHints":{"allow":["GET"]}}],"collection":[{"href":"https:\/\/www.knygos.lt\/blogas\/wp-json\/wp\/v2\/posts"}],"about":[{"href":"https:\/\/www.knygos.lt\/blogas\/wp-json\/wp\/v2\/types\/post"}],"author":[{"embeddable":true,"href":"https:\/\/www.knygos.lt\/blogas\/wp-json\/wp\/v2\/users\/31"}],"replies":[{"embeddable":true,"href":"https:\/\/www.knygos.lt\/blogas\/wp-json\/wp\/v2\/comments?post=16204"}],"version-history":[{"count":2,"href":"https:\/\/www.knygos.lt\/blogas\/wp-json\/wp\/v2\/posts\/16204\/revisions"}],"predecessor-version":[{"id":16207,"href":"https:\/\/www.knygos.lt\/blogas\/wp-json\/wp\/v2\/posts\/16204\/revisions\/16207"}],"wp:featuredmedia":[{"embeddable":true,"href":"https:\/\/www.knygos.lt\/blogas\/wp-json\/wp\/v2\/media\/16205"}],"wp:attachment":[{"href":"https:\/\/www.knygos.lt\/blogas\/wp-json\/wp\/v2\/media?parent=16204"}],"wp:term":[{"taxonomy":"category","embeddable":true,"href":"https:\/\/www.knygos.lt\/blogas\/wp-json\/wp\/v2\/categories?post=16204"},{"taxonomy":"post_tag","embeddable":true,"href":"https:\/\/www.knygos.lt\/blogas\/wp-json\/wp\/v2\/tags?post=16204"}],"curies":[{"name":"wp","href":"https:\/\/api.w.org\/{rel}","templated":true}]}}